{"id":774,"date":"2015-09-24T09:47:09","date_gmt":"2015-09-24T07:47:09","guid":{"rendered":"https:\/\/plateforme-reha.ch\/2015\/09\/24\/congres-cif-2015\/"},"modified":"2021-06-17T22:57:57","modified_gmt":"2021-06-17T20:57:57","slug":"kongress-die-icf-qualitaetsgarantie-und-nationales-bindeglied","status":"publish","type":"post","link":"https:\/\/plateforme-reha.ch\/de\/2015\/09\/24\/kongress-die-icf-qualitaetsgarantie-und-nationales-bindeglied\/","title":{"rendered":"Kongress &#8222;Die ICF \u2013 Qualit\u00e4tsgarantie und nationales Bindeglied&#8220;."},"content":{"rendered":"<p>Der 1.\u00a0Kongress von PLATEFORME-REHA.CH\u00a0am\u00a024. September 2015 im Olympischen Museum in Lausanne war ein Erfolg. Mit rund 130 Teilnehmern diente dieser Tag unter anderem auch die zahlreichen Herausforderungen mit denen wir auf dem Gebiet der station\u00e4ren Rehabilitation in der Schweiz konfrontiert sind hervorzuheben, insbesondere das k\u00fcnftige Tarifmodell.<\/p>\n<p>Wir haben uns \u00fcber Ihre aktive Teilnahme w\u00e4hrend der Diskussion mit den Referenten sehr gefreut und danken Ihnen f\u00fcr Ihre inhaltlichen Beitr\u00e4ge rund um das Thema der klinischen Rehabilitation!<\/p>\n<p>&nbsp;<\/p>\n<p><a href=\"http:\/\/www.plateforme-reha.ch\/wp-content\/uploads\/2015\/03\/1.-Was-ist-die-ICF_Rentsch.pdf\"><strong>Was ist die ICF?<\/strong><\/a><br \/>\nHans Peter Rentsch,\u00a0ehem. Chefarzt Neurorehabilitation, Luzerner Kantonsspital<\/p>\n<p><a href=\"http:\/\/www.plateforme-reha.ch\/wp-content\/uploads\/2015\/03\/2-et-3.-Von-der-Theorie-zur-Praxis_Finger-Schwegler.pdf\"><strong>Von der Theorie zur Praxis<\/strong><br \/>\n<\/a>Monika Finger &amp; Urban Schwegler<br \/>\nWissenschaftliche Mitarbeiter, Schweizer Paraplegiker-Zentrum, Nottwil<\/p>\n<p><strong>La CIF dans le contexte clinique \u2013 r\u00e9adaptation cognitive (franz\u00f6sisch)<\/strong><br \/>\nJean-Michel Mazaux,\u00a0Chefarzt, CHU Bordeaux<\/p>\n<p><a href=\"http:\/\/www.plateforme-reha.ch\/wp-content\/uploads\/2015\/03\/5.-Die-ICF-in-der-klinischen-Anwendung-geriatrische-Reahbilitation_Frank.pdf\"><strong>Die ICF in der klinischen Anwendung \u2013 geriatrische Rehabilitation<\/strong><br \/>\n<\/a>Matthias Frank, Stv Chefarzt,<br \/>\nZentrum f\u00fcr Universit\u00e4re Altersmedizin &amp;\u00a0Rehabilitation, Felix Platter-Spital, Basel<\/p>\n<p><a href=\"http:\/\/www.plateforme-reha.ch\/wp-content\/uploads\/2015\/03\/6-et-7.-Interdisciplinarit---selon-la-CIF_Berthoud-Metraux.pdf\"><strong>Interdisciplinarit\u00e9 selon la CIF (franz\u00f6sisch)<\/strong><br \/>\n<\/a>Naomi Berthoud, Physiotherapeutin, Clinique de la Ligni\u00e8re, Gland<br \/>\nIsaline M\u00e9traux, Ergotherapeutin, Clinique de la Ligni\u00e8re, Gland<\/p>\n<p><a href=\"http:\/\/www.plateforme-reha.ch\/wp-content\/uploads\/2015\/03\/8.-Processus-et-organisation-cliniques-selon-la-CIF_Salazar.pdf\"><strong>Processus et organisation cliniques selon la CIF (franz\u00f6sisch)<\/strong><br \/>\n<\/a>Manuel Salazar, Direktor der Spitalabteilung,\u00a0Institution de Lavigny<\/p>\n<p><a href=\"http:\/\/www.plateforme-reha.ch\/wp-content\/uploads\/2015\/03\/9.-Die-ICF-als-Qualitaetsgarantie_Menzi.pdf\"><strong>Die ICF als Qualit\u00e4tsgarantie<\/strong><br \/>\n<\/a>Luise Menzi,\u00a0Leiterin Rehabilitation\u00a0ANQ<\/p>\n<p><a href=\"http:\/\/www.plateforme-reha.ch\/wp-content\/uploads\/2015\/03\/10.-La-CIF---l--ment-f--d--rateur_Baeuchle.pdf\"><strong>La CIF \u2013 \u00e9l\u00e9ment f\u00e9d\u00e9rateur (franz\u00f6sisch)<\/strong><br \/>\n<\/a>Marc Baeuchle,\u00a0Generaldirektor\u00a0H\u00f4pital de Lavaux, Cully<br \/>\n&amp; Vorstandspr\u00e4sident von\u00a0PLATEFORME-REHA.CH<\/p>\n<p><a href=\"http:\/\/www.plateforme-reha.ch\/wp-content\/uploads\/2015\/03\/11.-La-CIF-element-federateur_Joggi.pdf\"><strong>La CIF \u2013 \u00e9l\u00e9ment f\u00e9d\u00e9rateur (franz\u00f6sisch)<\/strong><br \/>\n<\/a>Daniel Joggi,\u00a0Pr\u00e4sident der Schweizer Paraplegiker-Stiftung<\/p>\n","protected":false},"excerpt":{"rendered":"<p>Der 1.\u00a0Kongress von PLATEFORME-REHA.CH\u00a0am\u00a024. September 2015 im Olympischen Museum in Lausanne war ein Erfolg. Mit rund 130 Teilnehmern diente dieser Tag unter anderem auch die zahlreichen Herausforderungen mit denen wir auf dem Gebiet der station\u00e4ren Rehabilitation in der Schweiz konfrontiert sind hervorzuheben, insbesondere das k\u00fcnftige Tarifmodell. Wir haben uns \u00fcber Ihre aktive Teilnahme w\u00e4hrend der&hellip;<\/p>\n","protected":false},"author":1,"featured_media":775,"comment_status":"closed","ping_status":"open","sticky":false,"template":"","format":"standard","meta":{"footnotes":""},"categories":[81],"tags":[86,82],"class_list":["post-774","post","type-post","status-publish","format-standard","has-post-thumbnail","hentry","category-event-de","tag-congres-de","tag-event-de"],"_links":{"self":[{"href":"https:\/\/plateforme-reha.ch\/de\/wp-json\/wp\/v2\/posts\/774","targetHints":{"allow":["GET"]}}],"collection":[{"href":"https:\/\/plateforme-reha.ch\/de\/wp-json\/wp\/v2\/posts"}],"about":[{"href":"https:\/\/plateforme-reha.ch\/de\/wp-json\/wp\/v2\/types\/post"}],"author":[{"embeddable":true,"href":"https:\/\/plateforme-reha.ch\/de\/wp-json\/wp\/v2\/users\/1"}],"replies":[{"embeddable":true,"href":"https:\/\/plateforme-reha.ch\/de\/wp-json\/wp\/v2\/comments?post=774"}],"version-history":[{"count":3,"href":"https:\/\/plateforme-reha.ch\/de\/wp-json\/wp\/v2\/posts\/774\/revisions"}],"predecessor-version":[{"id":817,"href":"https:\/\/plateforme-reha.ch\/de\/wp-json\/wp\/v2\/posts\/774\/revisions\/817"}],"wp:featuredmedia":[{"embeddable":true,"href":"https:\/\/plateforme-reha.ch\/de\/wp-json\/wp\/v2\/media\/775"}],"wp:attachment":[{"href":"https:\/\/plateforme-reha.ch\/de\/wp-json\/wp\/v2\/media?parent=774"}],"wp:term":[{"taxonomy":"category","embeddable":true,"href":"https:\/\/plateforme-reha.ch\/de\/wp-json\/wp\/v2\/categories?post=774"},{"taxonomy":"post_tag","embeddable":true,"href":"https:\/\/plateforme-reha.ch\/de\/wp-json\/wp\/v2\/tags?post=774"}],"curies":[{"name":"wp","href":"https:\/\/api.w.org\/{rel}","templated":true}]}}